[{"@context":"https:\/\/schema.org\/","@type":"Article","@id":"https:\/\/www.meral.sk\/co-patri-do-zakladnej-vybavy-pre-dietatko\/#Article","mainEntityOfPage":"https:\/\/www.meral.sk\/co-patri-do-zakladnej-vybavy-pre-dietatko\/","headline":"\u010co patr\u00ed do z\u00e1kladnej v\u00fdbavy pre die\u0165atko?","name":"\u010co patr\u00ed do z\u00e1kladnej v\u00fdbavy pre die\u0165atko?","description":"Patr\u00edte aj vy medzi t\u00fdch \u0161\u0165astn\u00fdch, ktor\u00ed sa u\u017e o p\u00e1r t\u00fd\u017ed\u0148ov \u010di mesiacov bud\u00fa m\u00f4c\u0165 te\u0161i\u0165 z nov\u00e9ho pr\u00edrastku do rodiny? Chcete aj vy vedie\u0165, \u010do v\u0161etko budete pre die\u0165atko potrebova\u0165? Zoznam je naozaj dlh\u00fd, av\u0161ak existuj\u00fa ur\u010dit\u00e9 z\u00e1klady, na ktor\u00e9 by sme sa mali s\u00fastredi\u0165. A to od supravy do postielky, a\u017e cez [&hellip;]","datePublished":"2022-04-18","dateModified":"2022-04-18","author":{"@type":"Person","@id":"https:\/\/www.meral.sk\/author\/#Person","name":"","url":"https:\/\/www.meral.sk\/author\/","identifier":1,"image":{"@type":"ImageObject","@id":"https:\/\/secure.gravatar.com\/avatar\/65248d4269af31fa3fa693ee3fd479d0960b985d370ed586e59378332be7a3ce?s=96&d=mm&r=g","url":"https:\/\/secure.gravatar.com\/avatar\/65248d4269af31fa3fa693ee3fd479d0960b985d370ed586e59378332be7a3ce?s=96&d=mm&r=g","height":96,"width":96}},"publisher":{"@type":"Organization","name":"meral.sk","logo":{"@type":"ImageObject","@id":"\/logo.png","url":"\/logo.png","width":600,"height":60}},"image":{"@type":"ImageObject","@id":"https:\/\/www.meral.sk\/wp-content\/uploads\/postylka_vXg9SH.jpg","url":"https:\/\/www.meral.sk\/wp-content\/uploads\/postylka_vXg9SH.jpg","height":0,"width":0},"url":"https:\/\/www.meral.sk\/co-patri-do-zakladnej-vybavy-pre-dietatko\/","about":["Dom a byt"],"wordCount":506,"articleBody":"      Patr\u00edte aj vy medzi t\u00fdch \u0161\u0165astn\u00fdch, ktor\u00ed sa u\u017e o p\u00e1r t\u00fd\u017ed\u0148ov \u010di mesiacov bud\u00fa m\u00f4c\u0165 te\u0161i\u0165 z nov\u00e9ho pr\u00edrastku do rodiny? Chcete aj vy vedie\u0165, \u010do v\u0161etko budete pre die\u0165atko potrebova\u0165? Zoznam je naozaj dlh\u00fd, av\u0161ak existuj\u00fa ur\u010dit\u00e9 z\u00e1klady, na ktor\u00e9 by sme sa mali s\u00fastredi\u0165. A to od supravy do postielky, a\u017e cez vani\u010dku na k\u00fapanie \u010di po oble\u010denie. V nasledovnom \u010dl\u00e1nku v\u00e1m porad\u00edme, \u010do by u\u017e od za\u010diatku v\u00e1\u0161mu die\u0165atku jednoducho nemalo ch\u00fdba\u0165 a na \u010do sa zamera\u0165.   Z\u00e1kladn\u00e1 v\u00fdbava je rozmanit\u00e1 Mnoho mami\u010diek sa zhodne v tom, \u017ee nie\u010do na za\u010diatku potrebovali, nie\u010do zase bolo zbyto\u010dn\u00e9. Av\u0161ak v\u0161etky sa zhodn\u00fa na tom, \u017ee je d\u00f4le\u017eit\u00e9 zamera\u0165 sa na to, aby malo die\u0165atko pokojn\u00fd sp\u00e1nok, dobr\u00e9 a tepl\u00e9 oble\u010denie, po ruke kvalitn\u00fa kozmetiku a v\u00fd\u017eivu. \u010co sa t\u00fdka sp\u00e1nku b\u00e1b\u00e4tka, postie\u013eka predstavuje z\u00e1klad. A s \u0148ou sa automaticky sp\u00e1jaj\u00fa aj s\u00fapravy do postie\u013eky, ktor\u00e9 zabezpe\u010dia to, aby sa b\u00e1b\u00e4tku spalo ako v bavlnke. \u010eal\u0161ou vecou, ktor\u00fa po pr\u00edchode domov z p\u00f4rodnice budete potrebova\u0165, je oble\u010denie. A to hne\u010f nieko\u013eko k\u00faskov. Je potrebn\u00e9 uvedomi\u0165 si, \u017ee die\u0165atko sa \u013eahko za\u0161pin\u00ed a ur\u010dite sa aj vy stretnete so situ\u00e1ciou, kedy ho budete musie\u0165 preba\u013eova\u0165 a prezlieka\u0165 nieko\u013ekokr\u00e1t za de\u0148. Preto je d\u00f4le\u017eit\u00e9 ma\u0165 po ruke dostatok oble\u010denia. A to by v neposlednom rade malo by\u0165 aj kvalitn\u00e9. Ak patr\u00edte aj vy medzi matky, ktor\u00e9 svojmu die\u0165atku radi dopraj\u00fa, myslite v\u0161ak na to, \u017ee v tomto pr\u00edpade je menej niekedy viac.  Ani sa nenazd\u00e1te a die\u0165atko v\u00e1m m\u00f4\u017ee ve\u013emi r\u00fdchlo vyr\u00e1s\u0165 a vy vyu\u017eijete mo\u017eno tak polovicu z toho, \u010do v z\u00e1kladnej v\u00fdbave m\u00e1te. M\u00f4\u017ee sa tie\u017e sta\u0165, \u017ee sa die\u0165atko narod\u00ed men\u0161ie alebo v\u00e4\u010d\u0161ie. V neposlednom rade je d\u00f4le\u017eit\u00e9 myslie\u0165 aj na k\u00fapanie a hygienu. B\u00e1b\u00e4tk\u00e1 s\u00fa ve\u013emi krehk\u00e9. Die\u0165atko je d\u00f4le\u017eit\u00e9 pravidelne k\u00fapa\u0165. K tomu v\u00e1m pom\u00f4\u017ee proti\u0161mykov\u00e1 vani\u010dka. Nemali by sme zab\u00fada\u0165 ani na preba\u013eovac\u00ed pult. Nezabudnite tie\u017e ani na kvalitn\u00fd frot\u00e9 uter\u00e1k a na \u017eupan, do ktor\u00e9ho m\u00f4\u017eete die\u0165atko po k\u00fapan\u00ed zabali\u0165. S\u00faprava do postie\u013eky predstavuje ak\u00fdsi z\u00e1klad, ktor\u00fd v\u00e1m pom\u00f4\u017ee k tomu, aby malo die\u0165atko kvalitn\u00fd sp\u00e1nok. Ak aj v\u00e1s zauj\u00edma ich bohat\u00e1 ponuka, nav\u0161t\u00edvte str\u00e1nkuhttps:\/\/www.luxusna-spalna.sk\/, kde n\u00e1jdete tak ponuku na kvalitn\u00e9 s\u00fapravy do postie\u013eky, ako aj \u010fal\u0161ie inform\u00e1cie o tom, \u010do by v\u00e1\u0161mu die\u0165atku nemalo ch\u00fdba\u0165.                                                                                                                                                                                                                                                                                                                                                                                                  "},{"@context":"https:\/\/schema.org\/","@type":"BreadcrumbList","itemListElement":[{"@type":"ListItem","position":1,"name":"\u010co patr\u00ed do z\u00e1kladnej v\u00fdbavy pre die\u0165atko?","item":"https:\/\/www.meral.sk\/co-patri-do-zakladnej-vybavy-pre-dietatko\/#breadcrumbitem"}]}]